{"id":290,"date":"2017-04-28T15:50:24","date_gmt":"2017-04-28T14:50:24","guid":{"rendered":"http:\/\/www.esquisses.eu\/revue\/?p=290"},"modified":"2023-09-06T17:58:07","modified_gmt":"2023-09-06T16:58:07","slug":"y","status":"publish","type":"post","link":"https:\/\/www.esquisses.eu\/revue\/y\/","title":{"rendered":"y \u2014 Trihn Lo"},"content":{"rendered":"<p><a href=\"https:\/\/i0.wp.com\/www.esquisses.eu\/revue\/wp-content\/uploads\/2017\/04\/Trihn-Lo_y_poe\u0300me-affiche-encre-sur-papier_-2015.jpg?ssl=1\"><img data-attachment-id=\"284\" data-permalink=\"https:\/\/www.esquisses.eu\/revue\/y\/a-b\/\" data-orig-file=\"https:\/\/i0.wp.com\/www.esquisses.eu\/revue\/wp-content\/uploads\/2017\/04\/Trihn-Lo_y_poe\u0300me-affiche-encre-sur-papier_-2015.jpg?fit=3566%2C3508&amp;ssl=1\" data-orig-size=\"3566,3508\" data-comments-opened=\"0\" data-image-meta=\"{&quot;aperture&quot;:&quot;0&quot;,&quot;credit&quot;:&quot;cristina&quot;,&quot;camera&quot;:&quot;&quot;,&quot;caption&quot;:&quot;&quot;,&quot;created_timestamp&quot;:&quot;0&quot;,&quot;copyright&quot;:&quot;&quot;,&quot;focal_length&quot;:&quot;0&quot;,&quot;iso&quot;:&quot;0&quot;,&quot;shutter_speed&quot;:&quot;0&quot;,&quot;title&quot;:&quot;a                                                     b&quot;,&quot;orientation&quot;:&quot;1&quot;}\" data-image-title=\"a                                                     b\" data-image-description=\"\" data-image-caption=\"\" data-medium-file=\"https:\/\/i0.wp.com\/www.esquisses.eu\/revue\/wp-content\/uploads\/2017\/04\/Trihn-Lo_y_poe\u0300me-affiche-encre-sur-papier_-2015.jpg?fit=300%2C295&amp;ssl=1\" data-large-file=\"https:\/\/i0.wp.com\/www.esquisses.eu\/revue\/wp-content\/uploads\/2017\/04\/Trihn-Lo_y_poe\u0300me-affiche-encre-sur-papier_-2015.jpg?fit=1000%2C983&amp;ssl=1\" decoding=\"async\" loading=\"lazy\" class=\" wp-image-284 aligncenter\" src=\"https:\/\/i0.wp.com\/www.esquisses.eu\/revue\/wp-content\/uploads\/2017\/04\/Trihn-Lo_y_poe\u0300me-affiche-encre-sur-papier_-2015.jpg?resize=683%2C672&#038;ssl=1\" alt=\"\" width=\"683\" height=\"672\" srcset=\"https:\/\/i0.wp.com\/www.esquisses.eu\/revue\/wp-content\/uploads\/2017\/04\/Trihn-Lo_y_poe\u0300me-affiche-encre-sur-papier_-2015.jpg?resize=300%2C295&amp;ssl=1 300w, https:\/\/i0.wp.com\/www.esquisses.eu\/revue\/wp-content\/uploads\/2017\/04\/Trihn-Lo_y_poe\u0300me-affiche-encre-sur-papier_-2015.jpg?resize=768%2C756&amp;ssl=1 768w, https:\/\/i0.wp.com\/www.esquisses.eu\/revue\/wp-content\/uploads\/2017\/04\/Trihn-Lo_y_poe\u0300me-affiche-encre-sur-papier_-2015.jpg?resize=1024%2C1007&amp;ssl=1 1024w, https:\/\/i0.wp.com\/www.esquisses.eu\/revue\/wp-content\/uploads\/2017\/04\/Trihn-Lo_y_poe\u0300me-affiche-encre-sur-papier_-2015.jpg?w=2000&amp;ssl=1 2000w, https:\/\/i0.wp.com\/www.esquisses.eu\/revue\/wp-content\/uploads\/2017\/04\/Trihn-Lo_y_poe\u0300me-affiche-encre-sur-papier_-2015.jpg?w=3000&amp;ssl=1 3000w\" sizes=\"(max-width: 683px) 100vw, 683px\" data-recalc-dims=\"1\" \/><\/a><\/p>\n<p>Trihn Lo,<strong> <em>y<\/em><\/strong>, encre sur papier, 35 x 50 cm, 2015, propri\u00e9t\u00e9 de l&rsquo;artiste.<\/p>\n<h5>Notice biographique sur Trihn Lo :<\/h5>\n<h5>Titulaire d\u2019un doctorat en m\u00e9thodologies litt\u00e9raires et, actuellement, en tant que chercheure ind\u00e9pendante, Trihn Lo s\u2019int\u00e9resse depuis quelques ann\u00e9es \u00e0 l\u2019\u00e9criture po\u00e9tique et aux formes exp\u00e9rimentales de la vid\u00e9o et de la musique \u00e9lectroacoustique.<\/h5>\n","protected":false},"excerpt":{"rendered":"<p>Trihn Lo, y, encre sur papier, 35 x 50 cm, 2015, propri\u00e9t\u00e9 de l&rsquo;artiste. Notice biographique sur Trihn Lo : Titulaire d\u2019un doctorat en m\u00e9thodologies litt\u00e9raires et, actuellement, en tant que chercheure ind\u00e9pendante, Trihn Lo s\u2019int\u00e9resse depuis quelques ann\u00e9es \u00e0 l\u2019\u00e9criture po\u00e9tique et aux formes exp\u00e9rimentales de la vid\u00e9o et de la musique \u00e9lectroacoustique.<\/p>\n","protected":false},"author":6,"featured_media":0,"comment_status":"closed","ping_status":"open","sticky":false,"template":"","format":"standard","meta":{"jetpack_post_was_ever_published":false,"_jetpack_newsletter_access":"","jetpack_publicize_message":"","jetpack_is_tweetstorm":false,"jetpack_publicize_feature_enabled":true,"jetpack_social_post_already_shared":true,"jetpack_social_options":{"image_generator_settings":{"template":"highway","enabled":false}}},"categories":[33],"tags":[],"jetpack_publicize_connections":[],"jetpack_featured_media_url":"","jetpack_sharing_enabled":true,"jetpack_shortlink":"https:\/\/wp.me\/s8FFEZ-y","jetpack-related-posts":[{"id":535,"url":"https:\/\/www.esquisses.eu\/revue\/pas-encorps-trinh-lo\/","url_meta":{"origin":290,"position":0},"title":"Pas encor(ps) \u2014 Trihn Lo","author":"Administrateur","date":"27 janvier 2019","format":false,"excerpt":"Apr\u00e8s y, sa premi\u00e8re publication dans la revue, Trihn Lo explore \u00e0 nouveau l\u2019\u00e9criture po\u00e9tique et les formes exp\u00e9rimentales de la vid\u00e9o \u00e0 travers cette nouvelle proposition mouvante. Pas encor(ps), 2018, Trihn Lo (Image num\u00e9rique retravaill\u00e9e et retouch\u00e9e \u00e0 partir d\u2019un photogramme de la vid\u00e9o En corps un instant de\u2026","rel":"","context":"Dans &quot;Appara\u00eetre&quot;","block_context":{"text":"Appara\u00eetre","link":"https:\/\/www.esquisses.eu\/revue\/category\/apparaitre\/"},"img":{"alt_text":"","src":"","width":0,"height":0},"classes":[]},{"id":873,"url":"https:\/\/www.esquisses.eu\/revue\/obscure-lumiere-cristina-rap-trihn-lo\/","url_meta":{"origin":290,"position":1},"title":"Obscure lumi\u00e8re \u2014 Cristina Rap \/ Trihn Lo","author":"Administrateur","date":"29 juin 2023","format":false,"excerpt":"Nuit, le PDF Conception : Trihn Lo R\u00e9alisation et montage : Cristina Rap Voix : P. Pivetti et C. Rap Recorder : C. Rap Bande-son : T. Lo Extraits des po\u00e8mes \"Y\" et \u201cmuets, maigres les mouvements\u201d de T. Lo Dur\u00e9e : 3\u201959\u2019\u2019 Ann\u00e9e : \u00a9janvier 2023 Conception : Trihn\u2026","rel":"","context":"Dans &quot;NUIT&quot;","block_context":{"text":"NUIT","link":"https:\/\/www.esquisses.eu\/revue\/category\/nuit\/"},"img":{"alt_text":"","src":"https:\/\/i0.wp.com\/www.esquisses.eu\/revue\/wp-content\/uploads\/2023\/08\/fond-blanc.png?resize=350%2C200&ssl=1","width":350,"height":200},"classes":[]},{"id":2033,"url":"https:\/\/www.esquisses.eu\/revue\/un-langage-troue-maeva-gardenat\/","url_meta":{"origin":290,"position":2},"title":"Un langage trou\u00e9 \u2014 Ma\u00ebva Gardenat","author":"Administrateur","date":"15 ao\u00fbt 2025","format":false,"excerpt":"J\u2019ai trou\u00e9 l\u2019abat-jour bleu des limitations color\u00e9es, je suis sorti dans le blanc, voguez \u00e0 ma suite, camarades aviateurs, dans l\u2019ab\u00eeme (\u2026)\u00a0 Kasimir Mal\u00e9vitch Le travail de Ma\u00ebva Gardenat semble r\u00e9pondre \u00e0 l\u2019invitation que le peintre \u00e0 ouvert par son Carr\u00e9 blanc sur fond blanc.Rompre avec la couleur pour voguer\u2026","rel":"","context":"Dans &quot;Souffle&quot;","block_context":{"text":"Souffle","link":"https:\/\/www.esquisses.eu\/revue\/category\/souffle\/"},"img":{"alt_text":"","src":"https:\/\/i0.wp.com\/www.esquisses.eu\/revue\/wp-content\/uploads\/2025\/10\/TROUEE-MECANIQUE-FACE-VERSION-JOUR.jpg?resize=350%2C200&ssl=1","width":350,"height":200},"classes":[]},{"id":1761,"url":"https:\/\/www.esquisses.eu\/revue\/les-petits-machins-virginie-le-ray-louis\/","url_meta":{"origin":290,"position":3},"title":"Les petits machins \u2014 Virginie Le Ray Louis","author":"Administrateur","date":"10 novembre 2025","format":false,"excerpt":"Virginie Le Ray Louis explore la relation entre l\u2019absence, la m\u00e9moire et la corpor\u00e9it\u00e9 \u00e0 travers ses \"Petits Machins\" comme elle les appelle. Il s'agit de sculptures en papier photographi\u00e9es lors d'une exposition en 2024 au Moulin du Verger, papeterie artisanale \u00e0 Puymoyen en Charente. L'ouverture de la b\u00e2tisse permet\u2026","rel":"","context":"Dans &quot;Souffle&quot;","block_context":{"text":"Souffle","link":"https:\/\/www.esquisses.eu\/revue\/category\/souffle\/"},"img":{"alt_text":"","src":"https:\/\/i0.wp.com\/www.esquisses.eu\/revue\/wp-content\/uploads\/2023\/08\/Fond_blanc.png?resize=350%2C200&ssl=1","width":350,"height":200},"classes":[]},{"id":1394,"url":"https:\/\/www.esquisses.eu\/revue\/quand-la-mer-se-retire-adriana-popovic-marie-le-meur\/","url_meta":{"origin":290,"position":4},"title":"Quand la mer se retire \u2014 Adriana Popovi\u0107 &#038; Marie Le Meur","author":"Administrateur","date":"30 septembre 2024","format":false,"excerpt":"\u00c0 lire en pdf Article en PDF \u00c0 lire sur le site Modeler un corps, c\u2019est affirmer le charnel et l\u2019organique dans la conception qu\u2019Adriana Popovi\u0107 propose de l\u2019humain \u00e0 venir, inspir\u00e9e notamment de la science-fiction et de la th\u00e9orie du Cyborg[1]. Il existe plusieurs \u00e9crits retra\u00e7ant le cheminement de\u2026","rel":"","context":"Dans &quot;Meta&quot;","block_context":{"text":"Meta","link":"https:\/\/www.esquisses.eu\/revue\/category\/meta\/"},"img":{"alt_text":"","src":"https:\/\/i0.wp.com\/www.esquisses.eu\/revue\/wp-content\/uploads\/2023\/08\/Fond_blanc.png?resize=350%2C200&ssl=1","width":350,"height":200},"classes":[]},{"id":230,"url":"https:\/\/www.esquisses.eu\/revue\/lopposition-parle-chante-et-voix-silence-dans-partage-de-midi-de-paul-claudel\/","url_meta":{"origin":290,"position":5},"title":"L\u2019opposition parl\u00e9 \/ chant\u00e9 et voix \/ silence dans Partage de midi de Paul Claudel \u2014 Marine Deregnoncourt","author":"Administrateur","date":"28 avril 2017","format":false,"excerpt":"L\u2019opposition parl\u00e9 \/ chant\u00e9 et voix \/ silence dans Partage de midi de Paul Claudel de Marine DEREGNONCOURT, Dipl\u00f4m\u00e9e de l\u2019Universit\u00e9 Catholique de Louvain, Louvain-la-Neuve (Belgique), Future doctorante. T\u00e9l\u00e9charger l'article au format pdf : Le Partage de Midi-Marine Deregnoncourt R\u00e9sum\u00e9 La probl\u00e9matique qui sera trait\u00e9e dans cet article concerne l\u2019opposition\u2026","rel":"","context":"Dans &quot;Fronti\u00e8res et Limites&quot;","block_context":{"text":"Fronti\u00e8res et Limites","link":"https:\/\/www.esquisses.eu\/revue\/category\/frontieres-et-limites\/"},"img":{"alt_text":"","src":"","width":0,"height":0},"classes":[]}],"_links":{"self":[{"href":"https:\/\/www.esquisses.eu\/revue\/wp-json\/wp\/v2\/posts\/290"}],"collection":[{"href":"https:\/\/www.esquisses.eu\/revue\/wp-json\/wp\/v2\/posts"}],"about":[{"href":"https:\/\/www.esquisses.eu\/revue\/wp-json\/wp\/v2\/types\/post"}],"author":[{"embeddable":true,"href":"https:\/\/www.esquisses.eu\/revue\/wp-json\/wp\/v2\/users\/6"}],"replies":[{"embeddable":true,"href":"https:\/\/www.esquisses.eu\/revue\/wp-json\/wp\/v2\/comments?post=290"}],"version-history":[{"count":7,"href":"https:\/\/www.esquisses.eu\/revue\/wp-json\/wp\/v2\/posts\/290\/revisions"}],"predecessor-version":[{"id":1188,"href":"https:\/\/www.esquisses.eu\/revue\/wp-json\/wp\/v2\/posts\/290\/revisions\/1188"}],"wp:attachment":[{"href":"https:\/\/www.esquisses.eu\/revue\/wp-json\/wp\/v2\/media?parent=290"}],"wp:term":[{"taxonomy":"category","embeddable":true,"href":"https:\/\/www.esquisses.eu\/revue\/wp-json\/wp\/v2\/categories?post=290"},{"taxonomy":"post_tag","embeddable":true,"href":"https:\/\/www.esquisses.eu\/revue\/wp-json\/wp\/v2\/tags?post=290"}],"curies":[{"name":"wp","href":"https:\/\/api.w.org\/{rel}","templated":true}]}}