{"id":313,"date":"2017-05-18T11:47:44","date_gmt":"2017-05-18T10:47:44","guid":{"rendered":"http:\/\/www.esquisses.eu\/revue\/?p=313"},"modified":"2023-09-06T17:57:43","modified_gmt":"2023-09-06T16:57:43","slug":"le-pas-labordien-cindy-joy-marty","status":"publish","type":"post","link":"https:\/\/www.esquisses.eu\/revue\/le-pas-labordien-cindy-joy-marty\/","title":{"rendered":"Le pas labordien \u2014 Cindy Joy Marti"},"content":{"rendered":"<p style=\"text-align: left;\"><span style=\"color: #999999;\">T\u00e9l\u00e9charger l&rsquo;article au format pdf : <a href=\"https:\/\/www.esquisses.eu\/revue\/wp-content\/uploads\/2017\/05\/Le-pas-labordien-Cindy-Joy-1.pdf\">Le pas labordien-Cindy Joy<\/a><\/span><\/p>\n<p style=\"text-align: center;\">Qui parle?<\/p>\n<p>&nbsp;<\/p>\n<p>Le pas press\u00e9, insaisissable qui devance l&rsquo;horizon pour ne pas voir qu&rsquo;il franchit encore sa ligne, cet impossible \u00e0 d\u00e9passer.<\/p>\n<p>&nbsp;<\/p>\n<p>Il y a ce pied ancre, engorg\u00e9 de gravit\u00e9 qui avance d&rsquo;un \u00e0-venir impossible vers cet horizon \u00e0 l&rsquo;infranchissable continuit\u00e9.<\/p>\n<p>&nbsp;<\/p>\n<p>Et puis, celui qui r\u00e2pe et retourne le sol\u00a0; \u00e0 chaque avanc\u00e9e en modifie la surface renouvelant sans cesse le paysage. Lorsqu&rsquo;il se dirige vers le dos, le talus arri\u00e8re ne lui appartient plus\u00a0; comme il fait de son chemin pass\u00e9 un \u00e9tranger.<\/p>\n<p>&nbsp;<\/p>\n<p>Le pied chercheur de r\u00e9ponses qui ressasse le parcours comme il revient sans se retourner en accumulant les foul\u00e9es devant lui. Sans dos, il tient son chemin pass\u00e9 devant lui pour y trouver ce qu&rsquo;il a perdu.<\/p>\n<p>&nbsp;<\/p>\n<p style=\"text-align: center;\">Qui parle?<\/p>\n<p>&nbsp;<\/p>\n<p>Celui qui cogne la terre toujours devant lui, \u00e0 mesure des pens\u00e9es comme il trouve sa r\u00e9ponse dans une nouvelle question. C&rsquo;est que les gravats ne cessent de rouler devant lui d&rsquo;un \u00e0-venir instable.<\/p>\n<p>Qu&rsquo;il est rassurant de se retourner pour s&rsquo;installer vers le dos, l\u00e0 o\u00f9 le sol conserve encore les marques de son passage.<\/p>\n<p>&nbsp;<\/p>\n<p>Et puis, le pas \u00e0 l&rsquo;air suspendu qui amorti l&#8217;empreinte sur un sol rempli de Noms.<\/p>\n<p>&nbsp;<\/p>\n<p>Un pied cherche dans sa course la trace qui cl\u00f4ture le parcours et lorsqu&rsquo;il se pose re-trouve le sillon d&rsquo;un trajet en cours d&rsquo;a-cheminement.<\/p>\n<p>&nbsp;<\/p>\n<p>Il y a celui qui coupe le chemin des inscriptions, comme il annule la provenance par un nouveau tra\u00e7age.<\/p>\n<p>&nbsp;<\/p>\n<p style=\"text-align: center;\">Qui parle?<\/p>\n<p>&nbsp;<\/p>\n<p>Le pas bancal qui tente de tenir une direction fuyante comme il porte en lui la rencontre avec l&rsquo;\u00e9tranger.<\/p>\n<p>&nbsp;<\/p>\n<p>Et puis, celui qui ne d\u00e9termine aucune trajectoire par avance. Il chemine d&rsquo;a-rythmie en a-rythmie\u00a0; du silence gonfl\u00e9 par le vent qui d&rsquo;un coup prend mouvement pour entendre le geste de la <em>phusis.<\/em><\/p>\n<p>Alors, le pied s&rsquo;effondre comme il se stup\u00e9fie, \u00a0 \u00a0 \u00a0 \u00a0 \u00a0 \u00a0 \u00a0 \u00a0 \u00a0 \u00a0 \u00a0 \u00a0 \u00a0 \u00a0 \u00a0 \u00a0 \u00a0 \u00a0 \u00a0 \u00a0 \u00a0 \u00a0\u00a0 s&rsquo;installe comme il contemple du chaos l&rsquo;extraction d&rsquo;un battement esquissant son ordonnance\u2026<\/p>\n<p>&nbsp;<\/p>\n<p style=\"text-align: center;\">Qui parle?<\/p>\n<p>&nbsp;<\/p>\n<p>Cindy Joy<\/p>\n<p>&nbsp;<\/p>\n<p><span style=\"color: #808080;\"><em>Ce texte a \u00e9t\u00e9 \u00e9crit lors d\u2019un stage en psychoth\u00e9rapie que Cindy Joy Marti a effectu\u00e9 \u00e0 la Clinique de La Borde.<\/em><\/span><\/p>\n<p><span style=\"color: #808080;\"><em>Ici, la fronti\u00e8re est franchie par une parole non \u00e0 propos de soi mais \u00e0 propos de l\u2019appara\u00eetre d\u2019une autre personne, de son corps, son maintien et son mouvement dans un espace incertain. En m\u00eame temps que l\u2019apparence est per\u00e7ue, le sujet cache sa corporalit\u00e9 propre afin de donner un lieu entre la dissimulation de soi et l\u2019appara\u00eetre du maintien de l&rsquo;autre en face ; qui pourtant demeure anonyme. Plusieurs moments d\u2019observation o\u00f9 le \u00ab\u00a0je\u00a0\u00bb retenu ici dit le lieu que ces pr\u00e9sences ont investi pour l&rsquo;auteur. Ainsi la limite est entre le regarder et la personne regard\u00e9e : la parole qui trace et le corps propre qui s\u2019y efface et laisse sa trace en parlant.<\/em><\/span><\/p>\n<p><span style=\"color: #808080;\"><em>Nathalie Schleif<\/em><\/span><\/p>\n","protected":false},"excerpt":{"rendered":"<p>T\u00e9l\u00e9charger l&rsquo;article au format pdf : Le pas labordien-Cindy Joy Qui parle? &nbsp; Le pas press\u00e9, insaisissable qui devance l&rsquo;horizon pour ne pas voir qu&rsquo;il franchit encore sa ligne, cet impossible \u00e0 d\u00e9passer. &nbsp; Il y a ce pied ancre, engorg\u00e9 de gravit\u00e9 qui avance d&rsquo;un \u00e0-venir impossible vers cet horizon \u00e0 l&rsquo;infranchissable continuit\u00e9. &nbsp; [&hellip;]<\/p>\n","protected":false},"author":5,"featured_media":0,"comment_status":"closed","ping_status":"open","sticky":false,"template":"","format":"standard","meta":{"jetpack_post_was_ever_published":false,"_jetpack_newsletter_access":"","jetpack_publicize_message":"","jetpack_is_tweetstorm":false,"jetpack_publicize_feature_enabled":true,"jetpack_social_post_already_shared":true,"jetpack_social_options":{"image_generator_settings":{"template":"highway","enabled":false}}},"categories":[33],"tags":[35,42],"jetpack_publicize_connections":[],"jetpack_featured_media_url":"","jetpack_sharing_enabled":true,"jetpack_shortlink":"https:\/\/wp.me\/p8FFEZ-53","jetpack-related-posts":[{"id":216,"url":"https:\/\/www.esquisses.eu\/revue\/lexil-et-la-repetition-dans-loeuvre-de-wajdi-mouawad-quelles-limites-et-frontieres\/","url_meta":{"origin":313,"position":0},"title":"L&rsquo;exil et la r\u00e9petition dans l\u2019\u0153uvre de Wajdi Mouawad, quelles limites et fronti\u00e8res ? \u2014 Pauline Desiderio","author":"Pauline DESIDERIO","date":"28 avril 2017","format":false,"excerpt":"L'exil et la r\u00e9p\u00e9tition dans l\u2019\u0153uvre de Wajdi Mouawad, quelles limites et fronti\u00e8res\u00a0? \u00a0 \u00a0 \u00a0 \u00a0 \u00a0 \u00a0 \u00a0 \u00a0 \u00a0 \u00a0 \u00a0 \u00a0 \u00a0 \u00a0 \u00a0 \u00a0 \u00a0 \u00a0 \u00a0 \u00a0 \u00a0 \u00a0 \u00a0 \u00a0 \u00a0 \u00a0 \u00a0 \u00a0 \u00a0 \u00a0 \u00a0 \u00a0 \u00a0 \u00a0 \u00a0 \u00a0 \u00a0\u2026","rel":"","context":"Dans &quot;Fronti\u00e8res et Limites&quot;","block_context":{"text":"Fronti\u00e8res et Limites","link":"https:\/\/www.esquisses.eu\/revue\/category\/frontieres-et-limites\/"},"img":{"alt_text":"","src":"","width":0,"height":0},"classes":[]},{"id":1537,"url":"https:\/\/www.esquisses.eu\/revue\/quest-ce-que-la-metapsychologie-bernard-salignon\/","url_meta":{"origin":313,"position":1},"title":"Qu&rsquo;est-ce que la M\u00e9tapsychologie ? \u2014 Bernard Salignon","author":"Administrateur","date":"30 septembre 2024","format":false,"excerpt":"\u00c0 lire en pdf Article en PDF Ou sur le site D'abord paru dans la revue du Centre d'\u00e9tudes freudiennes Dires, dont Esquisses est un prolongement, l'int\u00e9r\u00eat de cet article est de montrer \u00e0 quel point une approche a le pouvoir de renouveler la question de l'\u00eatre de l'homme. Cette\u2026","rel":"","context":"Dans &quot;Meta&quot;","block_context":{"text":"Meta","link":"https:\/\/www.esquisses.eu\/revue\/category\/meta\/"},"img":{"alt_text":"","src":"https:\/\/i0.wp.com\/www.esquisses.eu\/revue\/wp-content\/uploads\/2023\/08\/Fond_blanc.png?resize=350%2C200&ssl=1","width":350,"height":200},"classes":[]},{"id":1518,"url":"https:\/\/www.esquisses.eu\/revue\/le-meta-de-la-metaphysique-ou-limpossible-pensee-de-lombre-traversante-camille-herve\/","url_meta":{"origin":313,"position":2},"title":"Le m\u00e9ta de la m\u00e9taphysique, ou l\u2019impossible pens\u00e9e de l\u2019ombre traversante \u2014 Camille Herv\u00e9","author":"Administrateur","date":"30 septembre 2024","format":false,"excerpt":"\u00c0 lire en pdf Article en PDF \u00c0 lire sur le site Penser le m\u00e9ta de la m\u00e9taphysique serait-il en penser le mouvement\u00a0? Il nous semble dans cet article de Camille Herv\u00e9 qu'il s'agit de nourrir une proximit\u00e9 de l'\u00eatre par la pens\u00e9e qui vise quelque chose d'aussi \"un\", initial,\u2026","rel":"","context":"Dans &quot;Meta&quot;","block_context":{"text":"Meta","link":"https:\/\/www.esquisses.eu\/revue\/category\/meta\/"},"img":{"alt_text":"","src":"","width":0,"height":0},"classes":[]},{"id":1095,"url":"https:\/\/www.esquisses.eu\/revue\/nuit-de-la-conscience-dapres-deep-me-de-marc-antoine-mathieu-pauline-desiderio\/","url_meta":{"origin":313,"position":3},"title":"Nuit de la conscience, D&rsquo;apr\u00e8s Deep me de Marc-Antoine Mathieu \u2014 Pauline Desiderio","author":"Administrateur","date":"6 septembre 2023","format":false,"excerpt":"Nuit, le PDF \u00ab Mais quand tu as une certitude, n\u2019est-ce pas simplement parce que tu fermes les yeux devant le doute ? \u00bb \u2013 Ils sont ferm\u00e9s. Recherches Philosophiques, Ludwig Wittgenstein Marc-Antoine Mathieu est un auteur qui aime chercher voire transgresser les limites de la narration visuelle dans la\u2026","rel":"","context":"Dans &quot;NUIT&quot;","block_context":{"text":"NUIT","link":"https:\/\/www.esquisses.eu\/revue\/category\/nuit\/"},"img":{"alt_text":"","src":"","width":0,"height":0},"classes":[]},{"id":700,"url":"https:\/\/www.esquisses.eu\/revue\/a-rebours-de-la-forme-lanamorphose-pauline-desiderio\/","url_meta":{"origin":313,"position":4},"title":"\u00c0 rebours de la forme, l&rsquo;anamorphose \u2014 Pauline Desiderio","author":"Pauline DESIDERIO","date":"10 novembre 2019","format":false,"excerpt":"L\u2019esquisse et l\u2019ind\u00e9cis \u00c0 rebours de la forme L\u2019anamorphose Pour commencer, je dois dire, non sans une part de honte et de culpabilit\u00e9, que je n\u2019ai pas pu travailler la pr\u00e9sentation que je vais donner aujourd\u2019hui aussi pr\u00e9cis\u00e9ment que j\u2019aurais aim\u00e9 le faire. En effet prise \u00e0 la fois par\u2026","rel":"","context":"Dans &quot;L'esquisse et l'Ind\u00e9cis&quot;","block_context":{"text":"L'esquisse et l'Ind\u00e9cis","link":"https:\/\/www.esquisses.eu\/revue\/category\/lesquisse-et-lindecis\/"},"img":{"alt_text":"","src":"","width":0,"height":0},"classes":[]},{"id":164,"url":"https:\/\/www.esquisses.eu\/revue\/la-presence-de-loeil-solaire-2\/","url_meta":{"origin":313,"position":5},"title":"La pr\u00e9sence de l&rsquo;\u0153il solaire \u2014 Nathalie Schleif","author":"Nathalie Schleif","date":"27 f\u00e9vrier 2016","format":false,"excerpt":"Article sous format pdf: La pre\u0301sence de l\u2019\u0153il solaire La pr\u00e9sence de l\u2019\u0153il solaire - de Nathalie Schleif Pr\u00e9ambule Le po\u00e8me, ses figures, s\u2019ouvre \u00e0 nous comme une surface \u00e0 sa profondeur. Ce n\u2019est qu\u2019en traversant le po\u00e8me, et cela veut dire parvenir \u00e0 le quitter, que l\u2019on peut arriver\u2026","rel":"","context":"Dans &quot;Pr\u00e9sences&quot;","block_context":{"text":"Pr\u00e9sences","link":"https:\/\/www.esquisses.eu\/revue\/category\/presences\/"},"img":{"alt_text":"","src":"","width":0,"height":0},"classes":[]}],"_links":{"self":[{"href":"https:\/\/www.esquisses.eu\/revue\/wp-json\/wp\/v2\/posts\/313"}],"collection":[{"href":"https:\/\/www.esquisses.eu\/revue\/wp-json\/wp\/v2\/posts"}],"about":[{"href":"https:\/\/www.esquisses.eu\/revue\/wp-json\/wp\/v2\/types\/post"}],"author":[{"embeddable":true,"href":"https:\/\/www.esquisses.eu\/revue\/wp-json\/wp\/v2\/users\/5"}],"replies":[{"embeddable":true,"href":"https:\/\/www.esquisses.eu\/revue\/wp-json\/wp\/v2\/comments?post=313"}],"version-history":[{"count":10,"href":"https:\/\/www.esquisses.eu\/revue\/wp-json\/wp\/v2\/posts\/313\/revisions"}],"predecessor-version":[{"id":1186,"href":"https:\/\/www.esquisses.eu\/revue\/wp-json\/wp\/v2\/posts\/313\/revisions\/1186"}],"wp:attachment":[{"href":"https:\/\/www.esquisses.eu\/revue\/wp-json\/wp\/v2\/media?parent=313"}],"wp:term":[{"taxonomy":"category","embeddable":true,"href":"https:\/\/www.esquisses.eu\/revue\/wp-json\/wp\/v2\/categories?post=313"},{"taxonomy":"post_tag","embeddable":true,"href":"https:\/\/www.esquisses.eu\/revue\/wp-json\/wp\/v2\/tags?post=313"}],"curies":[{"name":"wp","href":"https:\/\/api.w.org\/{rel}","templated":true}]}}