{"id":524,"date":"2019-01-27T23:07:49","date_gmt":"2019-01-27T22:07:49","guid":{"rendered":"http:\/\/www.esquisses.eu\/revue\/?p=524"},"modified":"2023-09-06T17:53:44","modified_gmt":"2023-09-06T16:53:44","slug":"cinq-autoportraits-photographiques-temps-de-lapparaitre-cristina-rap","status":"publish","type":"post","link":"https:\/\/www.esquisses.eu\/revue\/cinq-autoportraits-photographiques-temps-de-lapparaitre-cristina-rap\/","title":{"rendered":"Cinq autoportraits photographiques -Temps de l&rsquo;Appara\u00eetre \u2014 Cristina Rap"},"content":{"rendered":"<p style=\"text-align: justify;\">Sc\u00e9nographe, peintre et vid\u00e9o-artiste, Cristina Rap est dipl\u00f4m\u00e9e de l&rsquo;Acad\u00e9mie des Beaux-Arts. Elle a r\u00e9alis\u00e9 des courts-m\u00e9trages et des vid\u00e9os d&rsquo;animation et particip\u00e9 \u00e0 des festivals internationaux. Quelques-uns de ses travaux ont \u00e9t\u00e9 publi\u00e9s dans des revues francophones comme <em>Le Pan po\u00e9tique des Muses<\/em>, <em>MuseMedusa<\/em>, et la revue de cin\u00e9ma <em>Cin\u00e9trens<\/em>.<\/p>\n<p style=\"text-align: justify;\">\u00c9voquant certains aspects de la photographie des origines, notamment la pr\u00e9sence semi-transparente et souvent inattendue des sujets mobiles, la s\u00e9rie num\u00e9rique <em>Temps de l&rsquo;Appara\u00eetre<\/em> joue sur le flou de boug\u00e9, d\u00fb \u00e0 la pose longue. Ces <em>Cinq autoportraits<\/em> conservent la trace du temps de la pose, cet \u201dinstant dilat\u00e9\u201d o\u00f9 l&rsquo;image se forme et pourtant \u00e9chappe au regard, pour ne se montrer qu&rsquo;a posteriori m\u00eame \u00e0 l&rsquo;op\u00e9rateur.e.<\/p>\n<p style=\"text-align: justify;\"><a href=\"https:\/\/i0.wp.com\/www.esquisses.eu\/revue\/wp-content\/uploads\/2019\/01\/Rap-Cinq-autoportraits-1.jpg?ssl=1\"><img data-attachment-id=\"525\" data-permalink=\"https:\/\/www.esquisses.eu\/revue\/cinq-autoportraits-photographiques-temps-de-lapparaitre-cristina-rap\/rap-cinq-autoportraits-1\/\" data-orig-file=\"https:\/\/i0.wp.com\/www.esquisses.eu\/revue\/wp-content\/uploads\/2019\/01\/Rap-Cinq-autoportraits-1.jpg?fit=3823%2C2592&amp;ssl=1\" data-orig-size=\"3823,2592\" data-comments-opened=\"0\" data-image-meta=\"{&quot;aperture&quot;:&quot;32&quot;,&quot;credit&quot;:&quot;&quot;,&quot;camera&quot;:&quot;Canon EOS 400D DIGITAL&quot;,&quot;caption&quot;:&quot;&quot;,&quot;created_timestamp&quot;:&quot;1541103127&quot;,&quot;copyright&quot;:&quot;&quot;,&quot;focal_length&quot;:&quot;38&quot;,&quot;iso&quot;:&quot;1600&quot;,&quot;shutter_speed&quot;:&quot;30&quot;,&quot;title&quot;:&quot;&quot;,&quot;orientation&quot;:&quot;1&quot;}\" data-image-title=\"Rap-Cinq autoportraits 1\" data-image-description=\"\" data-image-caption=\"\" data-medium-file=\"https:\/\/i0.wp.com\/www.esquisses.eu\/revue\/wp-content\/uploads\/2019\/01\/Rap-Cinq-autoportraits-1.jpg?fit=300%2C203&amp;ssl=1\" data-large-file=\"https:\/\/i0.wp.com\/www.esquisses.eu\/revue\/wp-content\/uploads\/2019\/01\/Rap-Cinq-autoportraits-1.jpg?fit=1000%2C678&amp;ssl=1\" decoding=\"async\" loading=\"lazy\" class=\"alignnone wp-image-525\" src=\"https:\/\/i0.wp.com\/www.esquisses.eu\/revue\/wp-content\/uploads\/2019\/01\/Rap-Cinq-autoportraits-1.jpg?resize=649%2C439&#038;ssl=1\" alt=\"\" width=\"649\" height=\"439\" srcset=\"https:\/\/i0.wp.com\/www.esquisses.eu\/revue\/wp-content\/uploads\/2019\/01\/Rap-Cinq-autoportraits-1.jpg?resize=300%2C203&amp;ssl=1 300w, https:\/\/i0.wp.com\/www.esquisses.eu\/revue\/wp-content\/uploads\/2019\/01\/Rap-Cinq-autoportraits-1.jpg?resize=768%2C521&amp;ssl=1 768w, https:\/\/i0.wp.com\/www.esquisses.eu\/revue\/wp-content\/uploads\/2019\/01\/Rap-Cinq-autoportraits-1.jpg?resize=1024%2C694&amp;ssl=1 1024w, https:\/\/i0.wp.com\/www.esquisses.eu\/revue\/wp-content\/uploads\/2019\/01\/Rap-Cinq-autoportraits-1.jpg?w=2000&amp;ssl=1 2000w, https:\/\/i0.wp.com\/www.esquisses.eu\/revue\/wp-content\/uploads\/2019\/01\/Rap-Cinq-autoportraits-1.jpg?w=3000&amp;ssl=1 3000w\" sizes=\"(max-width: 649px) 100vw, 649px\" data-recalc-dims=\"1\" \/><\/a> <a href=\"https:\/\/i0.wp.com\/www.esquisses.eu\/revue\/wp-content\/uploads\/2019\/01\/Rap-Cinq-autoportraits-2.jpg?ssl=1\"><img data-attachment-id=\"526\" data-permalink=\"https:\/\/www.esquisses.eu\/revue\/cinq-autoportraits-photographiques-temps-de-lapparaitre-cristina-rap\/rap-cinq-autoportraits-2\/\" data-orig-file=\"https:\/\/i0.wp.com\/www.esquisses.eu\/revue\/wp-content\/uploads\/2019\/01\/Rap-Cinq-autoportraits-2.jpg?fit=3502%2C2592&amp;ssl=1\" data-orig-size=\"3502,2592\" data-comments-opened=\"0\" data-image-meta=\"{&quot;aperture&quot;:&quot;29&quot;,&quot;credit&quot;:&quot;&quot;,&quot;camera&quot;:&quot;Canon EOS 400D DIGITAL&quot;,&quot;caption&quot;:&quot;&quot;,&quot;created_timestamp&quot;:&quot;1541105091&quot;,&quot;copyright&quot;:&quot;&quot;,&quot;focal_length&quot;:&quot;34&quot;,&quot;iso&quot;:&quot;1600&quot;,&quot;shutter_speed&quot;:&quot;30&quot;,&quot;title&quot;:&quot;&quot;,&quot;orientation&quot;:&quot;1&quot;}\" data-image-title=\"Rap-Cinq autoportraits 2\" data-image-description=\"\" data-image-caption=\"\" data-medium-file=\"https:\/\/i0.wp.com\/www.esquisses.eu\/revue\/wp-content\/uploads\/2019\/01\/Rap-Cinq-autoportraits-2.jpg?fit=300%2C222&amp;ssl=1\" data-large-file=\"https:\/\/i0.wp.com\/www.esquisses.eu\/revue\/wp-content\/uploads\/2019\/01\/Rap-Cinq-autoportraits-2.jpg?fit=1000%2C740&amp;ssl=1\" decoding=\"async\" loading=\"lazy\" class=\"alignnone wp-image-526\" src=\"https:\/\/i0.wp.com\/www.esquisses.eu\/revue\/wp-content\/uploads\/2019\/01\/Rap-Cinq-autoportraits-2.jpg?resize=665%2C492&#038;ssl=1\" alt=\"\" width=\"665\" height=\"492\" srcset=\"https:\/\/i0.wp.com\/www.esquisses.eu\/revue\/wp-content\/uploads\/2019\/01\/Rap-Cinq-autoportraits-2.jpg?resize=300%2C222&amp;ssl=1 300w, https:\/\/i0.wp.com\/www.esquisses.eu\/revue\/wp-content\/uploads\/2019\/01\/Rap-Cinq-autoportraits-2.jpg?resize=768%2C568&amp;ssl=1 768w, https:\/\/i0.wp.com\/www.esquisses.eu\/revue\/wp-content\/uploads\/2019\/01\/Rap-Cinq-autoportraits-2.jpg?resize=1024%2C758&amp;ssl=1 1024w, https:\/\/i0.wp.com\/www.esquisses.eu\/revue\/wp-content\/uploads\/2019\/01\/Rap-Cinq-autoportraits-2.jpg?w=2000&amp;ssl=1 2000w, https:\/\/i0.wp.com\/www.esquisses.eu\/revue\/wp-content\/uploads\/2019\/01\/Rap-Cinq-autoportraits-2.jpg?w=3000&amp;ssl=1 3000w\" sizes=\"(max-width: 665px) 100vw, 665px\" data-recalc-dims=\"1\" \/><\/a> <a href=\"https:\/\/i0.wp.com\/www.esquisses.eu\/revue\/wp-content\/uploads\/2019\/01\/Rap-Cinq-autoportraits-3.jpg?ssl=1\"><img data-attachment-id=\"527\" data-permalink=\"https:\/\/www.esquisses.eu\/revue\/cinq-autoportraits-photographiques-temps-de-lapparaitre-cristina-rap\/rap-cinq-autoportraits-3\/\" data-orig-file=\"https:\/\/i0.wp.com\/www.esquisses.eu\/revue\/wp-content\/uploads\/2019\/01\/Rap-Cinq-autoportraits-3.jpg?fit=3502%2C2592&amp;ssl=1\" data-orig-size=\"3502,2592\" data-comments-opened=\"0\" data-image-meta=\"{&quot;aperture&quot;:&quot;29&quot;,&quot;credit&quot;:&quot;&quot;,&quot;camera&quot;:&quot;Canon EOS 400D DIGITAL&quot;,&quot;caption&quot;:&quot;&quot;,&quot;created_timestamp&quot;:&quot;1541105153&quot;,&quot;copyright&quot;:&quot;&quot;,&quot;focal_length&quot;:&quot;34&quot;,&quot;iso&quot;:&quot;1600&quot;,&quot;shutter_speed&quot;:&quot;30&quot;,&quot;title&quot;:&quot;&quot;,&quot;orientation&quot;:&quot;1&quot;}\" data-image-title=\"Rap-Cinq autoportraits 3\" data-image-description=\"\" data-image-caption=\"\" data-medium-file=\"https:\/\/i0.wp.com\/www.esquisses.eu\/revue\/wp-content\/uploads\/2019\/01\/Rap-Cinq-autoportraits-3.jpg?fit=300%2C222&amp;ssl=1\" data-large-file=\"https:\/\/i0.wp.com\/www.esquisses.eu\/revue\/wp-content\/uploads\/2019\/01\/Rap-Cinq-autoportraits-3.jpg?fit=1000%2C740&amp;ssl=1\" decoding=\"async\" loading=\"lazy\" class=\"alignnone wp-image-527\" src=\"https:\/\/i0.wp.com\/www.esquisses.eu\/revue\/wp-content\/uploads\/2019\/01\/Rap-Cinq-autoportraits-3.jpg?resize=657%2C486&#038;ssl=1\" alt=\"\" width=\"657\" height=\"486\" srcset=\"https:\/\/i0.wp.com\/www.esquisses.eu\/revue\/wp-content\/uploads\/2019\/01\/Rap-Cinq-autoportraits-3.jpg?resize=300%2C222&amp;ssl=1 300w, https:\/\/i0.wp.com\/www.esquisses.eu\/revue\/wp-content\/uploads\/2019\/01\/Rap-Cinq-autoportraits-3.jpg?resize=768%2C568&amp;ssl=1 768w, https:\/\/i0.wp.com\/www.esquisses.eu\/revue\/wp-content\/uploads\/2019\/01\/Rap-Cinq-autoportraits-3.jpg?resize=1024%2C758&amp;ssl=1 1024w, https:\/\/i0.wp.com\/www.esquisses.eu\/revue\/wp-content\/uploads\/2019\/01\/Rap-Cinq-autoportraits-3.jpg?w=2000&amp;ssl=1 2000w, https:\/\/i0.wp.com\/www.esquisses.eu\/revue\/wp-content\/uploads\/2019\/01\/Rap-Cinq-autoportraits-3.jpg?w=3000&amp;ssl=1 3000w\" sizes=\"(max-width: 657px) 100vw, 657px\" data-recalc-dims=\"1\" \/><\/a> <a href=\"https:\/\/i0.wp.com\/www.esquisses.eu\/revue\/wp-content\/uploads\/2019\/01\/Rap-Cinq-autoportraits-4.jpg?ssl=1\"><img data-attachment-id=\"528\" data-permalink=\"https:\/\/www.esquisses.eu\/revue\/cinq-autoportraits-photographiques-temps-de-lapparaitre-cristina-rap\/rap-cinq-autoportraits-4\/\" data-orig-file=\"https:\/\/i0.wp.com\/www.esquisses.eu\/revue\/wp-content\/uploads\/2019\/01\/Rap-Cinq-autoportraits-4.jpg?fit=3888%2C2592&amp;ssl=1\" data-orig-size=\"3888,2592\" data-comments-opened=\"0\" data-image-meta=\"{&quot;aperture&quot;:&quot;32&quot;,&quot;credit&quot;:&quot;&quot;,&quot;camera&quot;:&quot;Canon EOS 400D DIGITAL&quot;,&quot;caption&quot;:&quot;&quot;,&quot;created_timestamp&quot;:&quot;1541105874&quot;,&quot;copyright&quot;:&quot;&quot;,&quot;focal_length&quot;:&quot;44&quot;,&quot;iso&quot;:&quot;1600&quot;,&quot;shutter_speed&quot;:&quot;30&quot;,&quot;title&quot;:&quot;&quot;,&quot;orientation&quot;:&quot;1&quot;}\" data-image-title=\"Rap-Cinq autoportraits 4\" data-image-description=\"\" data-image-caption=\"\" data-medium-file=\"https:\/\/i0.wp.com\/www.esquisses.eu\/revue\/wp-content\/uploads\/2019\/01\/Rap-Cinq-autoportraits-4.jpg?fit=300%2C200&amp;ssl=1\" data-large-file=\"https:\/\/i0.wp.com\/www.esquisses.eu\/revue\/wp-content\/uploads\/2019\/01\/Rap-Cinq-autoportraits-4.jpg?fit=1000%2C667&amp;ssl=1\" decoding=\"async\" loading=\"lazy\" class=\"alignnone wp-image-528\" src=\"https:\/\/i0.wp.com\/www.esquisses.eu\/revue\/wp-content\/uploads\/2019\/01\/Rap-Cinq-autoportraits-4.jpg?resize=623%2C415&#038;ssl=1\" alt=\"\" width=\"623\" height=\"415\" srcset=\"https:\/\/i0.wp.com\/www.esquisses.eu\/revue\/wp-content\/uploads\/2019\/01\/Rap-Cinq-autoportraits-4.jpg?resize=300%2C200&amp;ssl=1 300w, https:\/\/i0.wp.com\/www.esquisses.eu\/revue\/wp-content\/uploads\/2019\/01\/Rap-Cinq-autoportraits-4.jpg?resize=768%2C512&amp;ssl=1 768w, https:\/\/i0.wp.com\/www.esquisses.eu\/revue\/wp-content\/uploads\/2019\/01\/Rap-Cinq-autoportraits-4.jpg?resize=1024%2C683&amp;ssl=1 1024w, https:\/\/i0.wp.com\/www.esquisses.eu\/revue\/wp-content\/uploads\/2019\/01\/Rap-Cinq-autoportraits-4.jpg?w=2000&amp;ssl=1 2000w, https:\/\/i0.wp.com\/www.esquisses.eu\/revue\/wp-content\/uploads\/2019\/01\/Rap-Cinq-autoportraits-4.jpg?w=3000&amp;ssl=1 3000w\" sizes=\"(max-width: 623px) 100vw, 623px\" data-recalc-dims=\"1\" \/><\/a><\/p>\n<p style=\"text-align: justify;\"><a href=\"https:\/\/i0.wp.com\/www.esquisses.eu\/revue\/wp-content\/uploads\/2019\/01\/Rap-Cinq-autoportraits-5.jpg?ssl=1\"><img data-attachment-id=\"529\" data-permalink=\"https:\/\/www.esquisses.eu\/revue\/cinq-autoportraits-photographiques-temps-de-lapparaitre-cristina-rap\/rap-cinq-autoportraits-5\/\" data-orig-file=\"https:\/\/i0.wp.com\/www.esquisses.eu\/revue\/wp-content\/uploads\/2019\/01\/Rap-Cinq-autoportraits-5.jpg?fit=2037%2C2592&amp;ssl=1\" data-orig-size=\"2037,2592\" data-comments-opened=\"0\" data-image-meta=\"{&quot;aperture&quot;:&quot;0&quot;,&quot;credit&quot;:&quot;&quot;,&quot;camera&quot;:&quot;&quot;,&quot;caption&quot;:&quot;&quot;,&quot;created_timestamp&quot;:&quot;0&quot;,&quot;copyright&quot;:&quot;&quot;,&quot;focal_length&quot;:&quot;0&quot;,&quot;iso&quot;:&quot;0&quot;,&quot;shutter_speed&quot;:&quot;0&quot;,&quot;title&quot;:&quot;&quot;,&quot;orientation&quot;:&quot;1&quot;}\" data-image-title=\"Rap-Cinq autoportraits 5\" data-image-description=\"\" data-image-caption=\"\" data-medium-file=\"https:\/\/i0.wp.com\/www.esquisses.eu\/revue\/wp-content\/uploads\/2019\/01\/Rap-Cinq-autoportraits-5.jpg?fit=236%2C300&amp;ssl=1\" data-large-file=\"https:\/\/i0.wp.com\/www.esquisses.eu\/revue\/wp-content\/uploads\/2019\/01\/Rap-Cinq-autoportraits-5.jpg?fit=805%2C1024&amp;ssl=1\" decoding=\"async\" loading=\"lazy\" class=\"alignnone wp-image-529\" src=\"https:\/\/i0.wp.com\/www.esquisses.eu\/revue\/wp-content\/uploads\/2019\/01\/Rap-Cinq-autoportraits-5.jpg?resize=599%2C761&#038;ssl=1\" alt=\"\" width=\"599\" height=\"761\" srcset=\"https:\/\/i0.wp.com\/www.esquisses.eu\/revue\/wp-content\/uploads\/2019\/01\/Rap-Cinq-autoportraits-5.jpg?resize=236%2C300&amp;ssl=1 236w, https:\/\/i0.wp.com\/www.esquisses.eu\/revue\/wp-content\/uploads\/2019\/01\/Rap-Cinq-autoportraits-5.jpg?resize=768%2C977&amp;ssl=1 768w, https:\/\/i0.wp.com\/www.esquisses.eu\/revue\/wp-content\/uploads\/2019\/01\/Rap-Cinq-autoportraits-5.jpg?resize=805%2C1024&amp;ssl=1 805w, https:\/\/i0.wp.com\/www.esquisses.eu\/revue\/wp-content\/uploads\/2019\/01\/Rap-Cinq-autoportraits-5.jpg?w=2037&amp;ssl=1 2037w\" sizes=\"(max-width: 599px) 100vw, 599px\" data-recalc-dims=\"1\" \/><\/a><\/p>\n<p><strong><em>Cinq autoportraits photographiques<\/em> (2018) &#8211; S\u00e9rie num\u00e9rique in progress <em>Temps de l&rsquo;Appara\u00eetre, <\/em>Cristina Rap.<\/strong><\/p>\n","protected":false},"excerpt":{"rendered":"<p>Sc\u00e9nographe, peintre et vid\u00e9o-artiste, Cristina Rap est dipl\u00f4m\u00e9e de l&rsquo;Acad\u00e9mie des Beaux-Arts. Elle a r\u00e9alis\u00e9 des courts-m\u00e9trages et des vid\u00e9os d&rsquo;animation et particip\u00e9 \u00e0 des festivals internationaux. Quelques-uns de ses travaux ont \u00e9t\u00e9 publi\u00e9s dans des revues francophones comme Le Pan po\u00e9tique des Muses, MuseMedusa, et la revue de cin\u00e9ma Cin\u00e9trens. \u00c9voquant certains aspects de [&hellip;]<\/p>\n","protected":false},"author":6,"featured_media":0,"comment_status":"closed","ping_status":"open","sticky":false,"template":"","format":"standard","meta":{"jetpack_post_was_ever_published":false,"_jetpack_newsletter_access":"","jetpack_publicize_message":"","jetpack_is_tweetstorm":false,"jetpack_publicize_feature_enabled":true,"jetpack_social_post_already_shared":true,"jetpack_social_options":{"image_generator_settings":{"template":"highway","enabled":false}}},"categories":[66],"tags":[76,78,85,86,87],"jetpack_publicize_connections":[],"jetpack_featured_media_url":"","jetpack_sharing_enabled":true,"jetpack_shortlink":"https:\/\/wp.me\/p8FFEZ-8s","jetpack-related-posts":[{"id":873,"url":"https:\/\/www.esquisses.eu\/revue\/obscure-lumiere-cristina-rap-trihn-lo\/","url_meta":{"origin":524,"position":0},"title":"Obscure lumi\u00e8re \u2014 Cristina Rap \/ Trihn Lo","author":"Administrateur","date":"29 juin 2023","format":false,"excerpt":"Nuit, le PDF Conception : Trihn Lo R\u00e9alisation et montage : Cristina Rap Voix : P. Pivetti et C. Rap Recorder : C. Rap Bande-son : T. Lo Extraits des po\u00e8mes \"Y\" et \u201cmuets, maigres les mouvements\u201d de T. Lo Dur\u00e9e : 3\u201959\u2019\u2019 Ann\u00e9e : \u00a9janvier 2023 Conception : Trihn\u2026","rel":"","context":"Dans &quot;NUIT&quot;","block_context":{"text":"NUIT","link":"https:\/\/www.esquisses.eu\/revue\/category\/nuit\/"},"img":{"alt_text":"","src":"https:\/\/i0.wp.com\/www.esquisses.eu\/revue\/wp-content\/uploads\/2023\/08\/fond-blanc.png?resize=350%2C200&ssl=1","width":350,"height":200},"classes":[]},{"id":520,"url":"https:\/\/www.esquisses.eu\/revue\/apparaitre-par-etre-nour-dhouib\/","url_meta":{"origin":524,"position":1},"title":"\u00ab Appara\u00eetre par \u00eatre \u00bb \u2014 Nour Dhouib","author":"Administrateur","date":"27 janvier 2019","format":false,"excerpt":"\u00ab Appara\u00eetre par \u00eatre \u00bb Une r\u00e9flexion sur la dichotomie de l\u2019\u00eatre et de l\u2019appara\u00eetre \u00a0de Nour Dhouib \u00a0 Doctorante en Sciences et pratiques des arts \u00e0 l\u2019institut sup\u00e9rieur des beaux arts de Tunis sous la direction du professeur Moez Safta. Nour Dhouib pr\u00e9pare une th\u00e8se de Doctorat sur la\u2026","rel":"","context":"Dans &quot;Appara\u00eetre&quot;","block_context":{"text":"Appara\u00eetre","link":"https:\/\/www.esquisses.eu\/revue\/category\/apparaitre\/"},"img":{"alt_text":"","src":"https:\/\/i0.wp.com\/www.esquisses.eu\/revue\/wp-content\/uploads\/2019\/01\/Nour-Dhouib-300x186.jpg?resize=350%2C200","width":350,"height":200},"classes":[]},{"id":313,"url":"https:\/\/www.esquisses.eu\/revue\/le-pas-labordien-cindy-joy-marty\/","url_meta":{"origin":524,"position":2},"title":"Le pas labordien \u2014 Cindy Joy Marti","author":"Cindy Joy Marti","date":"18 mai 2017","format":false,"excerpt":"T\u00e9l\u00e9charger l'article au format pdf : Le pas labordien-Cindy Joy Qui parle? \u00a0 Le pas press\u00e9, insaisissable qui devance l'horizon pour ne pas voir qu'il franchit encore sa ligne, cet impossible \u00e0 d\u00e9passer. \u00a0 Il y a ce pied ancre, engorg\u00e9 de gravit\u00e9 qui avance d'un \u00e0-venir impossible vers cet\u2026","rel":"","context":"Dans &quot;Fronti\u00e8res et Limites&quot;","block_context":{"text":"Fronti\u00e8res et Limites","link":"https:\/\/www.esquisses.eu\/revue\/category\/frontieres-et-limites\/"},"img":{"alt_text":"","src":"","width":0,"height":0},"classes":[]},{"id":1522,"url":"https:\/\/www.esquisses.eu\/revue\/la-matrice-des-anteformes-une-cartographie-des-formes-architecturales-en-metamorphose-thomas-richard\/","url_meta":{"origin":524,"position":3},"title":"La matrice des ant\u00e9formes\u00a0: une cartographie des formes architecturales en m\u00e9tamorphose \u2014 Thomas Richard","author":"Administrateur","date":"30 septembre 2024","format":false,"excerpt":"\u00c0 lire en pdf Article en PDF Ou sur le site Table des mati\u00e8res La matrice des ant\u00e9formes\u00a0: une cartographie des formes architecturales en m\u00e9tamorphose I. Remarques g\u00e9n\u00e9rales sur l\u2019esth\u00e9tique de Maldiney II. Le style ou forme d\u2019existence de l\u2019expressionnisme sup\u00e9rieur II.1 L\u2019expressionnisme et sa forme sup\u00e9rieure L\u2019expressionnisme sup\u00e9rieur de\u2026","rel":"","context":"Dans &quot;Meta&quot;","block_context":{"text":"Meta","link":"https:\/\/www.esquisses.eu\/revue\/category\/meta\/"},"img":{"alt_text":"Les Ant\u00e9formes, Richard Thomas","src":"https:\/\/i0.wp.com\/www.esquisses.eu\/revue\/wp-content\/uploads\/2024\/09\/001_anteformes_RICHARDThomas-scaled.jpg?resize=350%2C200&ssl=1","width":350,"height":200},"classes":[]},{"id":749,"url":"https:\/\/www.esquisses.eu\/revue\/lesquisse-ou-le-dessin-evanescent-dans-la-poesie-de-sylvia-plath\/","url_meta":{"origin":524,"position":4},"title":"L&rsquo;esquisse ou le dessin \u00e9vanescent dans la po\u00e9sie de Sylvia Plath \u2014 Nathalie Schleif","author":"Nathalie Schleif","date":"25 avril 2020","format":false,"excerpt":"Entr\u00e9e Au lieu de nommer image ce qui se trouve en constant mouvement et devenir dans le phantasmer de la phantasia, utilis\u00e9 souvent comme synonyme d'imagination, nous allons mettre \u00e0 l'\u00e9preuve la notion d'esquisse afin d'\u00eatre au plus proche de ce qui de mani\u00e8re si anim\u00e9e se pr\u00e9sente dans ce\u2026","rel":"","context":"Dans &quot;L'esquisse et l'Ind\u00e9cis&quot;","block_context":{"text":"L'esquisse et l'Ind\u00e9cis","link":"https:\/\/www.esquisses.eu\/revue\/category\/lesquisse-et-lindecis\/"},"img":{"alt_text":"","src":"","width":0,"height":0},"classes":[]},{"id":641,"url":"https:\/\/www.esquisses.eu\/revue\/percevoir-en-esquisses-paul-ducros\/","url_meta":{"origin":524,"position":5},"title":"Percevoir en esquisses \u2014 Paul Ducros","author":"Administrateur","date":"23 avril 2020","format":false,"excerpt":"La perception concr\u00e8te selon Husserl et ses implications ontologico-esth\u00e9tiques La ph\u00e9nom\u00e9nologie \u2013 en tant qu\u2019\u00e9cole de pens\u00e9e institu\u00e9e par Husserl lors du passage du XIXe au XXe si\u00e8cle \u2013 tend de plus en plus \u00e0 \u00eatre jug\u00e9e comme un savoir du pass\u00e9, comme un courant philosophique qui a accompagn\u00e9 le\u2026","rel":"","context":"Dans &quot;P\u00e9rip\u00e9ties&quot;","block_context":{"text":"P\u00e9rip\u00e9ties","link":"https:\/\/www.esquisses.eu\/revue\/category\/peripeties\/"},"img":{"alt_text":"","src":"","width":0,"height":0},"classes":[]}],"_links":{"self":[{"href":"https:\/\/www.esquisses.eu\/revue\/wp-json\/wp\/v2\/posts\/524"}],"collection":[{"href":"https:\/\/www.esquisses.eu\/revue\/wp-json\/wp\/v2\/posts"}],"about":[{"href":"https:\/\/www.esquisses.eu\/revue\/wp-json\/wp\/v2\/types\/post"}],"author":[{"embeddable":true,"href":"https:\/\/www.esquisses.eu\/revue\/wp-json\/wp\/v2\/users\/6"}],"replies":[{"embeddable":true,"href":"https:\/\/www.esquisses.eu\/revue\/wp-json\/wp\/v2\/comments?post=524"}],"version-history":[{"count":10,"href":"https:\/\/www.esquisses.eu\/revue\/wp-json\/wp\/v2\/posts\/524\/revisions"}],"predecessor-version":[{"id":1181,"href":"https:\/\/www.esquisses.eu\/revue\/wp-json\/wp\/v2\/posts\/524\/revisions\/1181"}],"wp:attachment":[{"href":"https:\/\/www.esquisses.eu\/revue\/wp-json\/wp\/v2\/media?parent=524"}],"wp:term":[{"taxonomy":"category","embeddable":true,"href":"https:\/\/www.esquisses.eu\/revue\/wp-json\/wp\/v2\/categories?post=524"},{"taxonomy":"post_tag","embeddable":true,"href":"https:\/\/www.esquisses.eu\/revue\/wp-json\/wp\/v2\/tags?post=524"}],"curies":[{"name":"wp","href":"https:\/\/api.w.org\/{rel}","templated":true}]}}