{"id":652,"date":"2020-04-28T15:34:30","date_gmt":"2020-04-28T14:34:30","guid":{"rendered":"http:\/\/www.esquisses.eu\/revue\/?p=652"},"modified":"2023-09-06T17:44:38","modified_gmt":"2023-09-06T16:44:38","slug":"dessin-fugace-insaisissable-figure-karin-espinosa","status":"publish","type":"post","link":"https:\/\/www.esquisses.eu\/revue\/dessin-fugace-insaisissable-figure-karin-espinosa\/","title":{"rendered":"Dessin fugace, insaisissable figure \u2014 Karin Espinosa"},"content":{"rendered":"\n<div class=\"wp-block-image\"><figure class=\"aligncenter is-resized\"><img data-attachment-id=\"653\" data-permalink=\"https:\/\/www.esquisses.eu\/revue\/dessin-fugace-insaisissable-figure-karin-espinosa\/dessin-fugace-insaisissable-figure\/\" data-orig-file=\"https:\/\/i0.wp.com\/www.esquisses.eu\/revue\/wp-content\/uploads\/2019\/05\/Dessin-fugace-insaisissable-figure.png?fit=432%2C752&amp;ssl=1\" data-orig-size=\"432,752\" data-comments-opened=\"0\" data-image-meta=\"{&quot;aperture&quot;:&quot;0&quot;,&quot;credit&quot;:&quot;&quot;,&quot;camera&quot;:&quot;&quot;,&quot;caption&quot;:&quot;&quot;,&quot;created_timestamp&quot;:&quot;0&quot;,&quot;copyright&quot;:&quot;&quot;,&quot;focal_length&quot;:&quot;0&quot;,&quot;iso&quot;:&quot;0&quot;,&quot;shutter_speed&quot;:&quot;0&quot;,&quot;title&quot;:&quot;&quot;,&quot;orientation&quot;:&quot;0&quot;}\" data-image-title=\"Dessin fugace, insaisissable figure\" data-image-description=\"\" data-image-caption=\"\" data-medium-file=\"https:\/\/i0.wp.com\/www.esquisses.eu\/revue\/wp-content\/uploads\/2019\/05\/Dessin-fugace-insaisissable-figure.png?fit=172%2C300&amp;ssl=1\" data-large-file=\"https:\/\/i0.wp.com\/www.esquisses.eu\/revue\/wp-content\/uploads\/2019\/05\/Dessin-fugace-insaisissable-figure.png?fit=432%2C752&amp;ssl=1\" decoding=\"async\" loading=\"lazy\" src=\"https:\/\/i0.wp.com\/www.esquisses.eu\/revue\/wp-content\/uploads\/2019\/05\/Dessin-fugace-insaisissable-figure.png?resize=538%2C937&#038;ssl=1\" alt=\"\" class=\"wp-image-653\" width=\"538\" height=\"937\" srcset=\"https:\/\/i0.wp.com\/www.esquisses.eu\/revue\/wp-content\/uploads\/2019\/05\/Dessin-fugace-insaisissable-figure.png?w=432&amp;ssl=1 432w, https:\/\/i0.wp.com\/www.esquisses.eu\/revue\/wp-content\/uploads\/2019\/05\/Dessin-fugace-insaisissable-figure.png?resize=172%2C300&amp;ssl=1 172w\" sizes=\"(max-width: 538px) 100vw, 538px\" data-recalc-dims=\"1\" \/><\/figure><\/div>\n\n\n\n<p>Lettre \u00e0 Ernest\nPignon-Ernest<\/p>\n\n\n\n<p>L\u2019artiste qui dessine\ndes figures, des figures de po\u00e8tes dont les \u00e9crits foudroient, G\u00e9rard de\nNerval, Arthur Rimbaud, Jean Genet, Pier Paolo Pasolini\u2026, des figures d\u2019hommes\net de femmes, d\u2019\u00e2mes anonymes, migrants, sans-abris, fugitifs. <\/p>\n\n\n\n<p>Et en r\u00e9sonnance avec\ncelles-ci et ceux-l\u00e0, l\u2019artiste qui arpente les rues, qui tra\u00eene dans les ports\net les bas-fonds \u00e0 la recherche de murs, de supports pour tous ces dessins.<\/p>\n\n\n\n<p>Cher Ernest,<\/p>\n\n\n\n<p><em>L\u2019esquisse et l\u2019ind\u00e9cis\u2026 <\/em><\/p>\n\n\n\n<p>Ce matin, les mots\nrebondissent dans mon cr\u00e2ne, s\u2019\u00e9cartent l\u2019un de l\u2019autre, se rapprochent \u00e0\nnouveau et s\u2019\u00e9puisent \u00e0 force de ne pas trouver d\u2019issue imm\u00e9diate et heureuse.<\/p>\n\n\n\n<p>Une id\u00e9e se fraie un\npassage dans ce brouhaha. Des sensations rejaillissent, des \u00e9motions\nd\u00e9clench\u00e9es par tes dessins fugaces et tes insaisissables figures.<\/p>\n\n\n\n<p>Je ne d\u00e9finirai pas\nces termes. Je les laisse volontairement flotter. Tu pourrais me reprocher de\nbotter en touche. Je te r\u00e9ponds par cette phrase emprunt\u00e9e \u00e0 Georges\nDidi-Huberman :<\/p>\n\n\n\n<p>\u00ab\u00a0Je n\u2019aime pas\nd\u00e9finir, j\u2019aime approcher, appr\u00e9hender, interroger, ressentir et analyser les\naspects multiples d\u2019une chose, d\u2019une \u0153uvre, d\u2019une image, d\u2019un mot.\u00a0\u00bb<\/p>\n\n\n\n<p>Une mani\u00e8re habile et\npersonnelle en somme d\u2019esquiver le d\u00e9finitif&nbsp;!<\/p>\n\n\n\n<p>Je remonte dans le\ntemps, ce temps ind\u00e9fini d\u2019un matin dans les rues grouillantes d\u2019une ville excessivement\nm\u00e9ridionale. Je marche d\u2019un pas r\u00e9gulier, d\u2019un souffle \u00e9gal. Je marche au\nmilieu des gens qui marchent avec moi, qui marchent contre moi, je marche jusqu\u2019au\ncroisement, je traverse, sans regarder, subjugu\u00e9e par une Madone sur le pas de\nsa porte, une Madone qui secoue un drap blanc, inlassablement, infiniment. Je\nsuis sid\u00e9r\u00e9e par cette apparition naturaliste, peut-\u00eatre m\u00eame naturelle. Je\nreste fig\u00e9e dans cette toute premi\u00e8re rencontre. Je ne suis pas mystique,\nErnest, je te le jure. Ah, ce n\u2019\u00e9tait pas une Madone&nbsp;?&#8230;<\/p>\n\n\n\n<div class=\"wp-block-image\"><figure class=\"aligncenter is-resized\"><img data-attachment-id=\"655\" data-permalink=\"https:\/\/www.esquisses.eu\/revue\/dessin-fugace-insaisissable-figure-karin-espinosa\/la-femme-au-drap\/\" data-orig-file=\"https:\/\/i0.wp.com\/www.esquisses.eu\/revue\/wp-content\/uploads\/2019\/05\/la-femme-au-drap.jpg?fit=334%2C500&amp;ssl=1\" data-orig-size=\"334,500\" data-comments-opened=\"0\" data-image-meta=\"{&quot;aperture&quot;:&quot;0&quot;,&quot;credit&quot;:&quot;&quot;,&quot;camera&quot;:&quot;&quot;,&quot;caption&quot;:&quot;&quot;,&quot;created_timestamp&quot;:&quot;0&quot;,&quot;copyright&quot;:&quot;&quot;,&quot;focal_length&quot;:&quot;0&quot;,&quot;iso&quot;:&quot;0&quot;,&quot;shutter_speed&quot;:&quot;0&quot;,&quot;title&quot;:&quot;&quot;,&quot;orientation&quot;:&quot;0&quot;}\" data-image-title=\"la femme au drap\" data-image-description=\"\" data-image-caption=\"\" data-medium-file=\"https:\/\/i0.wp.com\/www.esquisses.eu\/revue\/wp-content\/uploads\/2019\/05\/la-femme-au-drap.jpg?fit=200%2C300&amp;ssl=1\" data-large-file=\"https:\/\/i0.wp.com\/www.esquisses.eu\/revue\/wp-content\/uploads\/2019\/05\/la-femme-au-drap.jpg?fit=334%2C500&amp;ssl=1\" decoding=\"async\" loading=\"lazy\" src=\"https:\/\/i0.wp.com\/www.esquisses.eu\/revue\/wp-content\/uploads\/2019\/05\/la-femme-au-drap.jpg?resize=283%2C424&#038;ssl=1\" alt=\"\" class=\"wp-image-655\" width=\"283\" height=\"424\" srcset=\"https:\/\/i0.wp.com\/www.esquisses.eu\/revue\/wp-content\/uploads\/2019\/05\/la-femme-au-drap.jpg?w=334&amp;ssl=1 334w, https:\/\/i0.wp.com\/www.esquisses.eu\/revue\/wp-content\/uploads\/2019\/05\/la-femme-au-drap.jpg?resize=200%2C300&amp;ssl=1 200w\" sizes=\"(max-width: 283px) 100vw, 283px\" data-recalc-dims=\"1\" \/><figcaption><em>&nbsp;                                                                                        La femme au drap<\/em>, Naples 1988<\/figcaption><\/figure><\/div>\n\n\n\n<p>Une femme, du peuple, tu\ndis, tout simplement napolitaine, mais avec des traits si doux qu\u2019on dirait <em>La Madone des P\u00e9lerins<\/em> du Caravage. Dans\nmon regard, les murs se mettent \u00e0 vibrer, imperceptiblement, de cette m\u00e9moire\nqui affleure, r\u00e9v\u00e9l\u00e9e par la forme elle-m\u00eame, qui brise le silence contenu dans\nla pierre noire. La forme dit l\u2019existence d\u2019histoires sans fin, inou\u00efes, \u00e0\njamais enfouies. Elle ne les raconte pas. &nbsp;<\/p>\n\n\n\n<p>Impressionnante\nexp\u00e9rience. Troubl\u00e9e, je ne me suis pas approch\u00e9e, de crainte de rompre cette\nattirance. Une phrase de Roger Munier me revient \u00e0 l\u2019esprit&nbsp;: \u00ab\u00a0On\npeut regarder de loin ou de pr\u00e8s. Mieux&nbsp;: de loin, puis de pr\u00e8s.\u00a0\u00bb<\/p>\n\n\n\n<p>(\u00ab&nbsp;Fred\ndeux&nbsp;\u00bb, 1985 in \u00ab\u00a0Voir\u00a0\u00bb, Roger Munier, Paris, Deyrolle \u00e9diteur,\n1993)<\/p>\n\n\n\n<p>De loin, je la vois,\nla forme, elle troue une porte imaginaire, \u00e0 cet endroit, strat\u00e9gique, en plein\nc\u0153ur de Naples, Spaccanapoli. En noir et blanc dans ce tumulte de couleurs, dans\ncet environnement r\u00e9el, elle, irr\u00e9elle et pourtant l\u00e0, vraiment l\u00e0. Je ne m\u2019en\napproche toujours pas. <\/p>\n\n\n\n<p>La toucher, pour quoi&nbsp;?\nPour voir&nbsp;? Je la regarde. Je l\u2019emporte avec moi. De loin. Figure infinie\ndans un corps \u00e0 corps \u00e0 distance. Je me r\u00e9fugie dans la fugacit\u00e9 du dessin, de\nce quelque chose de pas encore clos, comme tu dis, de quelque chose qui\n\u00e9chappe, qui r\u00e9siste au regard, \u00e0 sa d\u00e9perdition, qui glisse au-dehors de moi,\nau-del\u00e0. <\/p>\n\n\n\n<p>Je m\u2019\u00e9chappe, je lui\n\u00e9chappe, fugace \u00e0 mon tour, face \u00e0 elle.<\/p>\n\n\n\n<p>Dans ce temps qui\nespace, les figures survivent et parfois m\u2019obs\u00e8dent. <\/p>\n\n\n\n<p>Puis un jour, tu\nm\u2019ouvres la porte de ton atelier, lieu originel pour une forme originelle de\nl\u2019\u0153uvre future, qui adviendra v\u00e9ritablement plus tard dans la rue&nbsp;: un\nlieu in-time, int\u00e9rieur, en-dedans.<\/p>\n\n\n\n<p>Dans ce lieu clos tu cherches, \u00e0 t\u00e2tons, les visages, les\nexpressions, les corps, les mouvements. Dans un geste ample, extr\u00eame, d\u00e9gag\u00e9,\ntu archives (pour reprendre l\u2019id\u00e9e de Jan Lauwers, chor\u00e9graphe belge) en traits\nsuccessifs, continus, appuy\u00e9s, ou \u00e9bauch\u00e9s, tout ce qui touche \u00e0 l\u2019homme, au\npo\u00e8te, \u00e0 l\u2019inconnu. <\/p>\n\n\n\n<p>De tes carnets s\u2019\u00e9chappent des corps en a-pesanteur,\nvoltigeurs, en suspens. Ils flottent entre les mots. Et \u00e0 nouveau une pens\u00e9e de\nRoger Munier&nbsp;: \u00ab&nbsp;C\u2019est une main qui a dessin\u00e9, derni\u00e8re avanc\u00e9e d\u2019un\ncorps. C\u2019est un corps qui a d\u00e9chiffr\u00e9.&nbsp;\u00bb (\u00ab&nbsp;Voir&nbsp;\u00bb, p.104) Ce\ncorps inconnu t\u2019appara\u00eet au fur et \u00e0 mesure des traits, de leur \u00e9paisseur, de\nleur intensit\u00e9, il t\u2019est inconnu longtemps. Il finit parfois par se soustraire\n\u00e0 ce que tu sais ou crois savoir de lui. Tu doutes, avoues-tu parfois, mais le\ncorps est l\u00e0, m\u00eame si le dessin le laisse comme inconnu, \u00e0 commencer par toi,\ncelui dont la main s\u2019est avanc\u00e9e pour en tracer les contours.<\/p>\n\n\n\n<p>En moi fait alors\n\u00e9cho une phrase de Marie-Jos\u00e9e Mondzain&nbsp;:<\/p>\n\n\n\n<p>\u00ab\u00a0Le\ndessin fait signe, tout comme du po\u00e8te vient le signe.\u00a0\u00bb <\/p>\n\n\n\n<p>Le dessin est ton\npremier geste de cr\u00e9ation, celui qui trouve son \u00e9lan dans les mots que tu as\nlus, pour tracer la figure \u00e0 na\u00eetre, celle qui sera \u00e0 l\u2019\u0153uvre dans le lieu,\ndans un deuxi\u00e8me geste, po\u00e9tique et politique. <\/p>\n\n\n\n<p>\u00c0 chaque trait, le souffle\nse per\u00e7oit clairement. <\/p>\n\n\n\n<p>\u00c0 l\u2019inspiration, la\nmain se l\u00e8ve, l\u00e9g\u00e8re, m\u00eame si elle est encore parfois h\u00e9sitante&nbsp;; \u00e0\nl\u2019expiration, elle se baisse, le trait se pose, s\u2019\u00e9tale avec la densit\u00e9 d\u2019une\ncertaine certitude, tendue par la voix int\u00e9rieure diffuse, po\u00e9tique.<\/p>\n\n\n\n<p>Le dessin, Ernest,\nn\u2019est pas le fruit de l\u2019imagination absolue. Tu ne repr\u00e9sentes pas un\npersonnage. Tu per\u00e7ois un corps, dans le d\u00e9nuement qu\u2019il pressent, dans une\nrupture imm\u00e9diate avec ce qu\u2019il devrait \u00eatre. Tu signes, comme une langue\ntienne. Je te regarde dans cette chor\u00e9graphie singuli\u00e8re, enferm\u00e9 dans un cadre\nque tu t\u2019empresses de d\u00e9border. Le papier ne parvient pas \u00e0 contenir la forme\ndessin\u00e9e. Les traits glissent, d\u00e9rapent les uns sur les autres, les uns sous\nles autres, les uns aux c\u00f4t\u00e9s des autres. Ils se superposent pour \u00eatre\nd\u00e9finitifs quand l\u2019ind\u00e9cis se sera subtilis\u00e9.<\/p>\n\n\n\n<p>Le dessin est une\nesquisse tant de fois r\u00e9p\u00e9t\u00e9e, transform\u00e9e, effac\u00e9e et reprise, en attendant\nd\u2019\u00eatre \u00e0 la vie, engendr\u00e9e, cr\u00e9\u00e9e, de se faire po\u00e9tique, po\u00efen.<\/p>\n\n\n\n<p>Le contour du dessin nomme\nen silence. La force de son trait maintient la forme dans une absence de\nparoles tout en s\u2019inscrivant dans le logos d\u00e9j\u00e0 en train de dire ce qui arrive.\nNon, Ernest, tu ne racontes pas, tu montres le chemin du signe dans le creux du\ndessin. <\/p>\n\n\n\n<div class=\"wp-block-image\"><figure class=\"aligncenter is-resized\"><img data-attachment-id=\"656\" data-permalink=\"https:\/\/www.esquisses.eu\/revue\/dessin-fugace-insaisissable-figure-karin-espinosa\/dans-latelier\/\" data-orig-file=\"https:\/\/i0.wp.com\/www.esquisses.eu\/revue\/wp-content\/uploads\/2019\/05\/dans-latelier.jpg?fit=801%2C450&amp;ssl=1\" data-orig-size=\"801,450\" data-comments-opened=\"0\" data-image-meta=\"{&quot;aperture&quot;:&quot;0&quot;,&quot;credit&quot;:&quot;&quot;,&quot;camera&quot;:&quot;&quot;,&quot;caption&quot;:&quot;&quot;,&quot;created_timestamp&quot;:&quot;0&quot;,&quot;copyright&quot;:&quot;&quot;,&quot;focal_length&quot;:&quot;0&quot;,&quot;iso&quot;:&quot;0&quot;,&quot;shutter_speed&quot;:&quot;0&quot;,&quot;title&quot;:&quot;&quot;,&quot;orientation&quot;:&quot;0&quot;}\" data-image-title=\"dans l&amp;rsquo;atelier\" data-image-description=\"\" data-image-caption=\"\" data-medium-file=\"https:\/\/i0.wp.com\/www.esquisses.eu\/revue\/wp-content\/uploads\/2019\/05\/dans-latelier.jpg?fit=300%2C169&amp;ssl=1\" data-large-file=\"https:\/\/i0.wp.com\/www.esquisses.eu\/revue\/wp-content\/uploads\/2019\/05\/dans-latelier.jpg?fit=801%2C450&amp;ssl=1\" decoding=\"async\" loading=\"lazy\" src=\"https:\/\/i0.wp.com\/www.esquisses.eu\/revue\/wp-content\/uploads\/2019\/05\/dans-latelier.jpg?resize=462%2C260&#038;ssl=1\" alt=\"\" class=\"wp-image-656\" width=\"462\" height=\"260\" srcset=\"https:\/\/i0.wp.com\/www.esquisses.eu\/revue\/wp-content\/uploads\/2019\/05\/dans-latelier.jpg?w=801&amp;ssl=1 801w, https:\/\/i0.wp.com\/www.esquisses.eu\/revue\/wp-content\/uploads\/2019\/05\/dans-latelier.jpg?resize=300%2C169&amp;ssl=1 300w, https:\/\/i0.wp.com\/www.esquisses.eu\/revue\/wp-content\/uploads\/2019\/05\/dans-latelier.jpg?resize=768%2C431&amp;ssl=1 768w\" sizes=\"(max-width: 462px) 100vw, 462px\" data-recalc-dims=\"1\" \/><figcaption>                                                      dans l&rsquo;atelier \u00e0 Ivry-sur-Sein, en f\u00e9vrier 2015<\/figcaption><\/figure><\/div>\n\n\n\n<p>Tu multiplies, tu\nd\u00e9clines le geste ample, d\u00e9li\u00e9, jusqu\u2019\u00e0 l\u2019\u00e9puisement du dessin-matrice de\nl\u2019\u0153uvre proche. <\/p>\n\n\n\n<p>Mais, Ernest, pour\nprolonger cette \u00e9criture insoup\u00e7onn\u00e9e, tu livreras le dessin \u00e0 la luxuriance et\naux d\u00e9bordements visuels et sonores de l\u2019urbanit\u00e9.<\/p>\n\n\n\n<p>Maintenant, tu es\ndebout, tu te d\u00e9places, d\u2019un pas a\u00e9rien, tu grimpes l\u2019escalier en colima\u00e7on au\ncentre de l\u2019espace sur trois niveaux et tu te penches, pour voir le dessin en\ncours, pour le regarder d\u2019en-haut, sans pouvoir y poser la main, tu te\nprojettes dans la perspective d\u2019un ext\u00e9rieur. <\/p>\n\n\n\n<p>Tu regardes de loin. <\/p>\n\n\n\n<p>Intouchable figure.<\/p>\n\n\n\n<p>Tu projettes ton\nregard, la figure en lui, dans la perspective du lieu, que tu esquisses en toi.\nCe lieu que tu as pr\u00e9empt\u00e9, pr\u00e9m\u00e9dit\u00e9, qui fera advenir l\u2019\u0153uvre. Un th\u00e9\u00e2tre\nurbain, \u00e0 ciel ouvert.<\/p>\n\n\n\n<p>Dans un geste inchoatif de l\u2019\u0153uvre \u00e0 venir, tu as dessin\u00e9 un\ncorps, et tu vas pour le tendre \u00e0 la vie, le fragmenter dans l\u2019espace ouvert,\ndans la vastitude d\u2019une sc\u00e8ne publique, entre l\u2019informe, en l\u2019absence de\ncontours, et le dessin, dans son infinit\u00e9 visible, dans l\u2019invisible d\u2019une autre\nforme, mouvante, sans fin apparente, qui&nbsp;\n\u00e9chappera, livr\u00e9e \u00e0 l\u2019\u00e9ph\u00e9m\u00e8re d\u2019un au-dehors, \u00e9tranger \u00e0 la forme\npremi\u00e8re, incompr\u00e9hensif, inconnu d\u2019elle, et pourtant intrins\u00e8que \u00e0 sa\ncr\u00e9ation.<\/p>\n\n\n\n<p>La forme que tu as\ntrac\u00e9e, ce corps dans l\u2019absolu, va se disloquer, s\u2019extraire du support premier,\nse d\u00e9faire du r\u00e9el dans le lieu, de tout contexte anecdotique, pour se\nsoustraire \u00e0 premi\u00e8re vue et sublimer le mur porteur. Le lieu ainsi transfigur\u00e9\nmet l\u2019esquisse en perspective, <\/p>\n\n\n\n<p>Cette forme singuli\u00e8re\nest \u00a0\u00bb la forme vraie de la chose\u00a0\u00bb (Jean-Luc Nancy dans Le plaisir au\ndessin, p.19)<\/p>\n\n\n\n<p>Tu l\u2019as d\u00e9-pos\u00e9e dans\nun mouvement immobilis\u00e9, qui continuera de se deviner, de se lire, plus tard,\nquand dans un arr\u00eat sur image, la figure ne sera plus le mod\u00e8le premier.<\/p>\n\n\n\n<p><em>\u00ab\u00a0<\/em>Il y a \u00e7a surtout dans le dessin\u00a0\u00bb,\ntu m\u2019\u00e9cris, \u00ab\u00a0qu\u2019il ne montre pas seulement la forme mais (ce n\u2019est pas un\njeu de mots) annonce le dessein\u00a0\u00bb. Il pr\u00e9vient de quelque chose <em>in corso<\/em>, de pas clos\u2026\u00a0\u00bb <\/p>\n\n\n\n<p>Tu interroges l\u2019image, non pas comme figure figur\u00e9e, comme un\nobjet repr\u00e9sentationnel, mais comme figure figurante, dans son processus de\nvenir au visible. (<em>Devant l\u2019image<\/em>,\nGeorges Didi-Huberman)<\/p>\n\n\n\n<p>Le <em>disegno <\/em>dans sa \u00ab\u00a0transparence\nmim\u00e9tique\u00a0\u00bb (<em>Le r\u00eave<\/em>, Freud)\nd\u00e9signe, ne repr\u00e9sente pas, ma<em>is<\/em>\npr\u00e9sente \u00e0 dessein, dans cette volont\u00e9 future qui pourrait faire que la figure\ndevienne image, malgr\u00e9 toi, par ce qu\u2019elle re-pr\u00e9sente, qu\u2019elle revient dans le\nregard. <\/p>\n\n\n\n<p>Serait-ce l\u00e0 la diff\u00e9rence entre <em>vor-stellen<\/em>&nbsp;: la figure se pr\u00e9sente devant, sous les yeux,\nelle repr\u00e9sente dans sa fonction d\u2019image et <em>dar-stellen<\/em>&nbsp;:\ncomme une \u00e9vidence de l\u2019existence m\u00eame de la figure&nbsp;? La figure existe\npleinement dans le lieu o\u00f9 elle a surgi, par ta main, sur le mur, dans ton\ngeste chor\u00e9graphi\u00e9, forc\u00e9ment po\u00e9tique.<\/p>\n\n\n\n<p>La figure jaillit, s\u2019\u00e9l\u00e8ve, dans la d\u00e9flagration du dessin,\nd\u00e9sormais fugace dans un rapport \u00e0 l\u2019espace non clos. <\/p>\n\n\n\n<p>Et la figure livr\u00e9e \u00e0 la rue, aux mains rapteuses, aux pluies\ndiluviennes, aux vents imp\u00e9tueux&nbsp;? Qu\u2019en fais-tu&nbsp;? Que fais-tu de nos\nregards, qui tentent de garder encore l\u2019\u00e9ph\u00e9m\u00e8re figure, vou\u00e9e \u00e0 une\ndisparition certaine&nbsp;? <\/p>\n\n\n\n<p>Le regard saisit \u00e0 coup s\u00fbr. Des fragments d\u2019un r\u00e9cit encore\nignor\u00e9. Au-del\u00e0 de ta volont\u00e9, il devient le narrateur d\u2019une existence fugace dans\nune dur\u00e9e qui lui appartient. La narration s\u2019arr\u00eate quand le regard cesse et\nelle reprend son cours dans le regard suivant. Elle reste silencieuse,\n\u00e9nigmatique, et pourtant elle crie sa trag\u00e9die imminente.<\/p>\n\n\n\n<p>Les figures se superposent, \u00e9ph\u00e9m\u00e8res pourtant l\u2019une \u00e0\nl\u2019autre. Elles ne survivront pas intactes, mais elles subsisteront pour avoir\nsublim\u00e9, l\u2019espace d\u2019un instant, un lieu. Et toi, tu assisteras, r\u00e9sign\u00e9,\nconscient de l\u2019enjeu de ton acte artistique et politique, \u00e0 la dislocation, \u00e0\nl\u2019arrachement violent des corps \u00e0 l\u2019\u0153uvre de leur place originelle, \u00e0 leur\namputation qui les rendront d\u00e9finitivement insaisissables.<\/p>\n","protected":false},"excerpt":{"rendered":"<p>Lettre \u00e0 Ernest Pignon-Ernest L\u2019artiste qui dessine des figures, des figures de po\u00e8tes dont les \u00e9crits foudroient, G\u00e9rard de Nerval, Arthur Rimbaud, Jean Genet, Pier Paolo Pasolini\u2026, des figures d\u2019hommes et de femmes, d\u2019\u00e2mes anonymes, migrants, sans-abris, fugitifs. Et en r\u00e9sonnance avec celles-ci et ceux-l\u00e0, l\u2019artiste qui arpente les rues, qui tra\u00eene dans les ports [&hellip;]<\/p>\n","protected":false},"author":10,"featured_media":0,"comment_status":"closed","ping_status":"open","sticky":false,"template":"","format":"standard","meta":{"jetpack_post_was_ever_published":false,"_jetpack_newsletter_access":"","jetpack_publicize_message":"","jetpack_is_tweetstorm":false,"jetpack_publicize_feature_enabled":true,"jetpack_social_post_already_shared":true,"jetpack_social_options":{"image_generator_settings":{"template":"highway","enabled":false}}},"categories":[93],"tags":[108,106,107,83,28,46],"jetpack_publicize_connections":[],"jetpack_featured_media_url":"","jetpack_sharing_enabled":true,"jetpack_shortlink":"https:\/\/wp.me\/p8FFEZ-aw","jetpack-related-posts":[{"id":749,"url":"https:\/\/www.esquisses.eu\/revue\/lesquisse-ou-le-dessin-evanescent-dans-la-poesie-de-sylvia-plath\/","url_meta":{"origin":652,"position":0},"title":"L&rsquo;esquisse ou le dessin \u00e9vanescent dans la po\u00e9sie de Sylvia Plath \u2014 Nathalie Schleif","author":"Nathalie Schleif","date":"25 avril 2020","format":false,"excerpt":"Entr\u00e9e Au lieu de nommer image ce qui se trouve en constant mouvement et devenir dans le phantasmer de la phantasia, utilis\u00e9 souvent comme synonyme d'imagination, nous allons mettre \u00e0 l'\u00e9preuve la notion d'esquisse afin d'\u00eatre au plus proche de ce qui de mani\u00e8re si anim\u00e9e se pr\u00e9sente dans ce\u2026","rel":"","context":"Dans &quot;L'esquisse et l'Ind\u00e9cis&quot;","block_context":{"text":"L'esquisse et l'Ind\u00e9cis","link":"https:\/\/www.esquisses.eu\/revue\/category\/lesquisse-et-lindecis\/"},"img":{"alt_text":"","src":"","width":0,"height":0},"classes":[]},{"id":785,"url":"https:\/\/www.esquisses.eu\/revue\/errance-et-creation-lucille-breard\/","url_meta":{"origin":652,"position":1},"title":"Errance et cr\u00e9ation \u2014 Lucille Br\u00e9ard","author":"Lucille Br\u00e9ard","date":"27 avril 2020","format":false,"excerpt":"Ce texte est une empreinte \u00e9crite de la conf\u00e9rence qui \u00e0 eu lieu \u00e0 l'universit\u00e9 Paul Val\u00e9ry Montpellier 3 - site Saint-Charles, dans le cadre du colloque \"l'esquisse et l'ind\u00e9cis\" les 18 et 19 octobre 2018 La place de la marche d\u00e9ambulatoire, vagabonde et fl\u00e2neuse dans le processus cr\u00e9atif Devant\u2026","rel":"","context":"Dans &quot;P\u00e9rip\u00e9ties&quot;","block_context":{"text":"P\u00e9rip\u00e9ties","link":"https:\/\/www.esquisses.eu\/revue\/category\/peripeties\/"},"img":{"alt_text":"","src":"https:\/\/i0.wp.com\/www.esquisses.eu\/revue\/wp-content\/uploads\/2020\/04\/je-vous-offre-un-verre-2.jpg?resize=350%2C200&ssl=1","width":350,"height":200},"classes":[]},{"id":700,"url":"https:\/\/www.esquisses.eu\/revue\/a-rebours-de-la-forme-lanamorphose-pauline-desiderio\/","url_meta":{"origin":652,"position":2},"title":"\u00c0 rebours de la forme, l&rsquo;anamorphose \u2014 Pauline Desiderio","author":"Pauline DESIDERIO","date":"10 novembre 2019","format":false,"excerpt":"L\u2019esquisse et l\u2019ind\u00e9cis \u00c0 rebours de la forme L\u2019anamorphose Pour commencer, je dois dire, non sans une part de honte et de culpabilit\u00e9, que je n\u2019ai pas pu travailler la pr\u00e9sentation que je vais donner aujourd\u2019hui aussi pr\u00e9cis\u00e9ment que j\u2019aurais aim\u00e9 le faire. En effet prise \u00e0 la fois par\u2026","rel":"","context":"Dans &quot;L'esquisse et l'Ind\u00e9cis&quot;","block_context":{"text":"L'esquisse et l'Ind\u00e9cis","link":"https:\/\/www.esquisses.eu\/revue\/category\/lesquisse-et-lindecis\/"},"img":{"alt_text":"","src":"","width":0,"height":0},"classes":[]},{"id":1300,"url":"https:\/\/www.esquisses.eu\/revue\/le-gorille-le-ver-de-terre-la-pieuvre-la-blatteet-miquel-barcelo-etienne-david\/","url_meta":{"origin":652,"position":3},"title":"Le gorille, le ver de terre, la pieuvre, la blatte\u2026et Miquel Barcel\u00f3 \u2014 \u00c9tienne David","author":"Administrateur","date":"16 d\u00e9cembre 2023","format":false,"excerpt":"R\u00e9sum\u00e9 La th\u00e9matique animali\u00e8re traverse de mani\u00e8re absolument intime et extr\u00eamement sensible l'\u0153uvre et la vie de Miquel Barcel\u00f3. En 1993, l\u2019artiste r\u00e9alise une \u0153uvre initiatique qu\u2019il intitule L'artiste animalier. V\u00e9ritable \u0153uvre pari\u00e9tale contemporaine, il met en sc\u00e8ne dans ce tableau-dessin-sculpture des silhouettes animali\u00e8res qui s'imbriquent, qui se r\u00e9pondent et\u2026","rel":"","context":"Dans &quot;P\u00e9rip\u00e9ties&quot;","block_context":{"text":"P\u00e9rip\u00e9ties","link":"https:\/\/www.esquisses.eu\/revue\/category\/peripeties\/"},"img":{"alt_text":"","src":"https:\/\/i0.wp.com\/www.esquisses.eu\/revue\/wp-content\/uploads\/2023\/12\/Article.jpg?resize=350%2C200&ssl=1","width":350,"height":200},"classes":[]},{"id":295,"url":"https:\/\/www.esquisses.eu\/revue\/rien-faire-quelque-chose-lartiste-et-le-non-travail\/","url_meta":{"origin":652,"position":4},"title":"Rien faire quelque chose \u2014 L&rsquo;artiste et le \u00ab\u00a0non-travail\u00a0\u00bb\u2014 Myl\u00e8ne Duc","author":"Administrateur","date":"30 avril 2017","format":false,"excerpt":"Rien faire quelque chose\u00a0[1] L\u2019artiste et le \u00ab\u00a0non-travail\u00a0\u00bb de Myl\u00e8ne Duc \u00a0 T\u00e9l\u00e9charger l'article au format pdf : Rien faire quelque chose-Myle\u0300ne Duc \u00a0 \u00ab\u00a0La forme de vie est un secret si secret que c\u2019est comme un secret qui rampe silencieusement. C\u2019est un secret dans le d\u00e9sert.\u00a0[2]\u00a0\u00bb Comme je suis\u2026","rel":"","context":"Dans &quot;P\u00e9rip\u00e9ties&quot;","block_context":{"text":"P\u00e9rip\u00e9ties","link":"https:\/\/www.esquisses.eu\/revue\/category\/peripeties\/"},"img":{"alt_text":"","src":"","width":0,"height":0},"classes":[]},{"id":1531,"url":"https:\/\/www.esquisses.eu\/revue\/lesprit-metaphysique-de-raymond-ruyer-habib-bardi\/","url_meta":{"origin":652,"position":5},"title":"L\u2019esprit m\u00e9taphysique de Raymond Ruyer \u2014 Habib Bardi","author":"Administrateur","date":"30 septembre 2024","format":false,"excerpt":"\u00c0 lire en PDF Article en PDF Ou sur le site Table des mati\u00e8res Le structuralisme pur de l\u2019Esquisse d\u2019une philosophie de la structure\u00a0(1930) La conception de la conscience dans la premi\u00e8re philosophie de Ruyer Le quantum d\u2019action : l\u2019envers du d\u00e9cor L\u2019embryologie et la d\u00e9couverte du trans-spatial\u00a0: le travers\u2026","rel":"","context":"Dans &quot;Meta&quot;","block_context":{"text":"Meta","link":"https:\/\/www.esquisses.eu\/revue\/category\/meta\/"},"img":{"alt_text":"","src":"","width":0,"height":0},"classes":[]}],"_links":{"self":[{"href":"https:\/\/www.esquisses.eu\/revue\/wp-json\/wp\/v2\/posts\/652"}],"collection":[{"href":"https:\/\/www.esquisses.eu\/revue\/wp-json\/wp\/v2\/posts"}],"about":[{"href":"https:\/\/www.esquisses.eu\/revue\/wp-json\/wp\/v2\/types\/post"}],"author":[{"embeddable":true,"href":"https:\/\/www.esquisses.eu\/revue\/wp-json\/wp\/v2\/users\/10"}],"replies":[{"embeddable":true,"href":"https:\/\/www.esquisses.eu\/revue\/wp-json\/wp\/v2\/comments?post=652"}],"version-history":[{"count":6,"href":"https:\/\/www.esquisses.eu\/revue\/wp-json\/wp\/v2\/posts\/652\/revisions"}],"predecessor-version":[{"id":1170,"href":"https:\/\/www.esquisses.eu\/revue\/wp-json\/wp\/v2\/posts\/652\/revisions\/1170"}],"wp:attachment":[{"href":"https:\/\/www.esquisses.eu\/revue\/wp-json\/wp\/v2\/media?parent=652"}],"wp:term":[{"taxonomy":"category","embeddable":true,"href":"https:\/\/www.esquisses.eu\/revue\/wp-json\/wp\/v2\/categories?post=652"},{"taxonomy":"post_tag","embeddable":true,"href":"https:\/\/www.esquisses.eu\/revue\/wp-json\/wp\/v2\/tags?post=652"}],"curies":[{"name":"wp","href":"https:\/\/api.w.org\/{rel}","templated":true}]}}